{"id":13762,"date":"2025-04-04T15:03:04","date_gmt":"2025-04-04T13:03:04","guid":{"rendered":"https:\/\/imaginox.com\/?p=13762"},"modified":"2025-04-04T15:03:07","modified_gmt":"2025-04-04T13:03:07","slug":"jakym-smerem-pujde-design-v-komercnim-wellness-v-roce-2025","status":"publish","type":"post","link":"https:\/\/imaginox.com\/cs\/novinky\/jakym-smerem-pujde-design-v-komercnim-wellness-v-roce-2025\/","title":{"rendered":"Jak\u00fdm sm\u011brem p\u016fjde design v komer\u010dn\u00edm wellness v roce 2025?"},"content":{"rendered":"<p>Hoteli\u00e9\u0159i, develope\u0159i, architekti a \u0161irok\u00e1 ve\u0159ejnost projevuj\u00ed st\u00e1le v\u011bt\u0161\u00ed z\u00e1jem o wellness a cht\u011bj\u00ed si chv\u00edle str\u00e1ven\u00e9 v tomto prost\u0159ed\u00ed u\u017e\u00edt naplno. <strong>Pr\u00e1v\u011b tato my\u0161lenka ovliv\u0148uje sou\u010dasn\u00e9 trendy.<\/strong><\/p>\n<h2><strong>Udr\u017eiteln\u00e9 materi\u00e1ly v praxi<\/strong><\/h2>\n<p>Udr\u017eitelnost je t\u00e9ma, kter\u00e9 je u\u017e n\u011bkolik let v centru pozornosti. A\u017e nyn\u00ed v\u0161ak firmy za\u010d\u00ednaj\u00ed systematicky zav\u00e1d\u011bt inovace p\u0159\u00edmo do sv\u00fdch provoz\u016f. Jde zejm\u00e9na o udr\u017eiteln\u00e9 materi\u00e1ly a povrchov\u00e9 \u00fapravy. Sou\u010dasn\u011b se roz\u0161i\u0159uje v\u00fdroba produkt\u016f z ekologick\u00fdch materi\u00e1l\u016f, kter\u00e9 nejen\u017ee p\u0159isp\u00edvaj\u00ed k <strong>ochran\u011b \u017eivotn\u00edho prost\u0159ed\u00ed, ale maj\u00ed i zdravotn\u00ed v\u00fdhody.<\/strong> Tyto materi\u00e1ly minimalizuj\u00ed hluk, obsahuj\u00ed minim\u00e1ln\u00ed mno\u017estv\u00ed toxick\u00fdch t\u011bkav\u00fdch l\u00e1tek a vyzna\u010duj\u00ed se n\u00edzk\u00fdmi emisemi. N\u00e1ro\u010dn\u00ed klienti tyto standardy dnes vy\u017eaduj\u00ed.<\/p>\n<p>Mezi p\u0159\u00edklady p\u0159\u00edrodn\u00edch materi\u00e1l\u016f pat\u0159\u00ed nap\u0159\u00edklad om\u00edtky na b\u00e1zi hl\u00edny \u2013 p\u0159\u00edrodn\u00ed, netoxick\u00e9, s n\u00edzk\u00fdmi <strong>emisemi VOC, bez syntetick\u00fdch, betonov\u00fdch nebo v\u00e1penn\u00fdch p\u0159\u00edsad.<\/strong> D\u00e1le jsou to odpadn\u00ed om\u00edtky z d\u0159ev\u011bn\u00fdch t\u0159\u00edsek, ekologick\u00e9 barvy s n\u00edzk\u00fdm obsahem VOC, korkov\u00e9 podlahy \u010di textilie a koberce z p\u0159\u00edrodn\u00edch ln\u011bn\u00fdch vl\u00e1ken.<\/p>\n<h2><strong>Osv\u011btlen\u00ed ve wellness v souladu s p\u0159\u00edrodou<\/strong><\/h2>\n<p>Role osv\u011btlen\u00ed ve wellness je st\u00e1le p\u0159edm\u011btem mnoha diskuz\u00ed. Architekti v\u0161ak maj\u00ed jasno \u2013 spr\u00e1vn\u00e9 osv\u011btlen\u00ed je kl\u00ed\u010dov\u00fdm prvkem, kter\u00fd m\u016f\u017ee v\u00fdrazn\u011b pozvednout <strong>kvalitu hotelov\u00e9ho wellness.<\/strong> \u010c\u00edm v\u00edce se p\u0159ibli\u017eujeme p\u0159\u00edrodn\u00edm sv\u011bteln\u00fdm podm\u00ednk\u00e1m, t\u00edm lep\u0161\u00edho v\u00fdsledku dos\u00e1hneme. Osv\u011btlen\u00ed dok\u00e1\u017ee vytvo\u0159it jedine\u010dnou pro\u017eitkovou atmosf\u00e9ru a z\u00e1rove\u0148 navodit pocit luxusu. Krom\u011b toho m\u016f\u017ee hr\u00e1t d\u016fle\u017eitou roli p\u0159i harmonizaci t\u011bla s p\u0159irozen\u00fdmi biorytmy.<\/p>\n<p>Sv\u011btlo se st\u00e1le v\u00edce st\u00e1v\u00e1 n\u00e1strojem designu, kter\u00fd dok\u00e1\u017ee ovlivnit nejen <strong>estetiku prostoru, ale tak\u00e9 jeho funk\u010dnost<\/strong>. Kl\u00ed\u010dov\u00e9 v\u0161ak je, aby osv\u011btlen\u00ed bylo co nejv\u00edce automatizovan\u00e9. Automatizace umo\u017e\u0148uje osv\u011btlen\u00ed p\u0159izp\u016fsobit p\u0159irozen\u00fdm biorytm\u016fm \u010dlov\u011bka i p\u0159\u00edrod\u011b, \u010d\u00edm\u017e se dosahuje optim\u00e1ln\u00edho efektu pro pohodu a zdrav\u00ed n\u00e1v\u0161t\u011bvn\u00edk\u016f. D\u00edky nov\u00fdm technologi\u00edm si n\u00e1v\u0161t\u011bvn\u00edk m\u016f\u017ee v ur\u010dit\u00fdch okam\u017eic\u00edch nebo m\u00edstnostech sv\u011btlo s\u00e1m modelovat, a to jak barvu, tak i mno\u017estv\u00ed.<\/p>\n<p><img loading=\"lazy\" decoding=\"async\" class=\"alignnone wp-image-12506 size-full\" src=\"https:\/\/imaginox.com\/wp-content\/uploads\/2020\/06\/wellness1.jpg\" alt=\"wellness1\" width=\"1440\" height=\"810\" srcset=\"https:\/\/imaginox.com\/wp-content\/uploads\/2020\/06\/wellness1.jpg 1440w, https:\/\/imaginox.com\/wp-content\/uploads\/2020\/06\/wellness1-300x169.jpg 300w, https:\/\/imaginox.com\/wp-content\/uploads\/2020\/06\/wellness1-768x432.jpg 768w\" sizes=\"auto, (max-width: 1440px) 100vw, 1440px\" \/><\/p>\n<h2><strong>Technologie a inovace s vyu\u017eit\u00edm virtu\u00e1ln\u00ed reality<\/strong><\/h2>\n<p>Technologick\u00fd pokrok umo\u017e\u0148uje instalovat videa s prom\u00edt\u00e1n\u00edm obraz\u016f na v\u0161echny st\u011bny. V kombinaci s <strong>v\u00ed\u0159ivkami, j\u00f3gov\u00fdmi studii, baz\u00e9ny nebo relaxa\u010dn\u00edmi z\u00f3nami<\/strong> lze vytvo\u0159it jedine\u010dn\u00e9 prost\u0159ed\u00ed. Virtu\u00e1ln\u00ed realita nav\u00edc umo\u017e\u0148uje ve wellness stimulovat t\u0159i z p\u011bti smysl\u016f \u2013 zrak (vizu\u00e1ln\u00ed efekty), sluch (hudba) a \u010dich (esenci\u00e1ln\u00ed oleje).<\/p>\n<p>Pokud virtu\u00e1ln\u00ed realitu zkombinujete s procedurami zam\u011b\u0159en\u00fdmi na hmat, jako je nap\u0159\u00edklad koupel nohou nebo mas\u00e1\u017e rukou, a dopln\u00edte <strong>kokosovou vodou<\/strong> pro stimulaci chuti, vytvo\u0159\u00edte <strong>kompletn\u00ed smyslov\u00fd z\u00e1\u017eitek.<\/strong><\/p>\n<p>V p\u0159\u00edpad\u011b, \u017ee <strong>hotely nebo wellness centra s<\/strong>e rozhodnou um\u00edstit sv\u00e9 za\u0159\u00edzen\u00ed do p\u0159\u00edrody, architekti \u010dasto vyu\u017e\u00edvaj\u00ed panoramatick\u00e9 v\u00fdhledy na koruny strom\u016f. I ve vnit\u0159n\u00edch prostor\u00e1ch lze vytvo\u0159it podobn\u00fd efekt, nap\u0159\u00edklad simulac\u00ed zvuku vodop\u00e1du nebo instalac\u00ed hv\u011bzdn\u00e9ho nebe v saun\u011b \u010di jin\u00fdch \u010d\u00e1stech wellness.<\/p>\n<p>Modern\u00ed wellness centra dnes rovn\u011b\u017e vyu\u017e\u00edvaj\u00ed kysl\u00edkovou terapii nebo <strong>kryoterapeutick\u00e9 p\u0159\u00edstroje<\/strong>. Kl\u00ed\u010dov\u00e9 je v\u017edy pe\u010dliv\u00e9 pl\u00e1nov\u00e1n\u00ed, aby bylo dosa\u017eeno harmonick\u00e9ho prost\u0159ed\u00ed, kter\u00e9 n\u00e1v\u0161t\u011bvn\u00edk\u016fm poskytne co nejintenzivn\u011bj\u0161\u00ed z\u00e1\u017eitek. Mnoho lid\u00ed toti\u017e hled\u00e1 ve wellness \u00fato\u010di\u0161t\u011b p\u0159ed hektick\u00fdm sv\u011btem pln\u00fdm technologi\u00ed a informac\u00ed.<\/p>\n<p>Zaujaly v\u00e1s aktu\u00e1ln\u00ed trendy ve wellness a uva\u017eujete o vytvo\u0159en\u00ed designov\u00e9ho a luxusn\u00edho wellness pro v\u00e1\u0161 projekt? P\u0159e\u010dt\u011bte si v\u00edce o <a href=\"https:\/\/imaginox.com\/cs\/produkty\/projektove-planovani-a-realizace-wellness\/\">pl\u00e1nov\u00e1n\u00ed wellness.<\/a><\/p>\n<p><img loading=\"lazy\" decoding=\"async\" class=\"alignnone wp-image-11530 size-full\" src=\"https:\/\/imaginox.com\/wp-content\/uploads\/2024\/07\/sauna-tao-akvarium-imaginox.png\" alt=\"sauna tao akvarium imaginox\" width=\"1200\" height=\"800\" srcset=\"https:\/\/imaginox.com\/wp-content\/uploads\/2024\/07\/sauna-tao-akvarium-imaginox.png 1200w, https:\/\/imaginox.com\/wp-content\/uploads\/2024\/07\/sauna-tao-akvarium-imaginox-300x200.png 300w, https:\/\/imaginox.com\/wp-content\/uploads\/2024\/07\/sauna-tao-akvarium-imaginox-768x512.png 768w\" sizes=\"auto, (max-width: 1200px) 100vw, 1200px\" \/><\/p>\n","protected":false},"excerpt":{"rendered":"<p>Hoteli\u00e9\u0159i, develope\u0159i, architekti a \u0161irok\u00e1 ve\u0159ejnost projevuj\u00ed st\u00e1le v\u011bt\u0161\u00ed z\u00e1jem o wellness a cht\u011bj\u00ed si chv\u00edle str\u00e1ven\u00e9 v tomto prost\u0159ed\u00ed u\u017e\u00edt naplno. Pr\u00e1v\u011b tato my\u0161lenka ovliv\u0148uje sou\u010dasn\u00e9 trendy. Udr\u017eiteln\u00e9 materi\u00e1ly v praxi Udr\u017eitelnost je t\u00e9ma, kter\u00e9 je u\u017e n\u011bkolik let v centru pozornosti. A\u017e nyn\u00ed v\u0161ak firmy za\u010d\u00ednaj\u00ed systematicky zav\u00e1d\u011bt inovace p\u0159\u00edmo do sv\u00fdch provoz\u016f. [&hellip;]<\/p>\n","protected":false},"author":15,"featured_media":13756,"comment_status":"closed","ping_status":"closed","sticky":false,"template":"","format":"standard","meta":{"_acf_changed":false,"inline_featured_image":false,"footnotes":""},"categories":[28],"tags":[],"class_list":["post-13762","post","type-post","status-publish","format-standard","has-post-thumbnail","hentry","category-uncategorized-cs"],"acf":[],"yoast_head":"<!-- This site is optimized with the Yoast SEO plugin v27.3 - https:\/\/yoast.com\/product\/yoast-seo-wordpress\/ -->\n<title>Jak\u00fdm sm\u011brem p\u016fjde design v komer\u010dn\u00edm wellness v roce 2025? \u2248 IMAGINOX<\/title>\n<meta name=\"robots\" content=\"index, follow, max-snippet:-1, max-image-preview:large, max-video-preview:-1\" \/>\n<link rel=\"canonical\" href=\"https:\/\/imaginox.com\/cs\/novinky\/jakym-smerem-pujde-design-v-komercnim-wellness-v-roce-2025\/\" \/>\n<meta property=\"og:locale\" content=\"cs_CZ\" \/>\n<meta property=\"og:type\" content=\"article\" \/>\n<meta property=\"og:title\" content=\"Jak\u00fdm sm\u011brem p\u016fjde design v komer\u010dn\u00edm wellness v roce 2025? \u2248 IMAGINOX\" \/>\n<meta property=\"og:description\" content=\"Hoteli\u00e9\u0159i, develope\u0159i, architekti a \u0161irok\u00e1 ve\u0159ejnost projevuj\u00ed st\u00e1le v\u011bt\u0161\u00ed z\u00e1jem o wellness a cht\u011bj\u00ed si chv\u00edle str\u00e1ven\u00e9 v tomto prost\u0159ed\u00ed u\u017e\u00edt naplno. Pr\u00e1v\u011b tato my\u0161lenka ovliv\u0148uje sou\u010dasn\u00e9 trendy. Udr\u017eiteln\u00e9 materi\u00e1ly v praxi Udr\u017eitelnost je t\u00e9ma, kter\u00e9 je u\u017e n\u011bkolik let v centru pozornosti. A\u017e nyn\u00ed v\u0161ak firmy za\u010d\u00ednaj\u00ed systematicky zav\u00e1d\u011bt inovace p\u0159\u00edmo do sv\u00fdch provoz\u016f. [&hellip;]\" \/>\n<meta property=\"og:url\" content=\"https:\/\/imaginox.com\/cs\/novinky\/jakym-smerem-pujde-design-v-komercnim-wellness-v-roce-2025\/\" \/>\n<meta property=\"og:site_name\" content=\"IMAGINOX\" \/>\n<meta property=\"article:published_time\" content=\"2025-04-04T13:03:04+00:00\" \/>\n<meta property=\"article:modified_time\" content=\"2025-04-04T13:03:07+00:00\" \/>\n<meta property=\"og:image\" content=\"https:\/\/imaginox.com\/wp-content\/uploads\/2025\/04\/tailor-made-whirlpool.jpg\" \/>\n\t<meta property=\"og:image:width\" content=\"1440\" \/>\n\t<meta property=\"og:image:height\" content=\"810\" \/>\n\t<meta property=\"og:image:type\" content=\"image\/jpeg\" \/>\n<meta name=\"author\" content=\"halikova\" \/>\n<meta name=\"twitter:card\" content=\"summary_large_image\" \/>\n<meta name=\"twitter:label1\" content=\"Napsal(a)\" \/>\n\t<meta name=\"twitter:data1\" content=\"halikova\" \/>\n\t<meta name=\"twitter:label2\" content=\"Odhadovan\u00e1 doba \u010dten\u00ed\" \/>\n\t<meta name=\"twitter:data2\" content=\"4 minuty\" \/>\n<script type=\"application\/ld+json\" class=\"yoast-schema-graph\">{\"@context\":\"https:\\\/\\\/schema.org\",\"@graph\":[{\"@type\":\"Article\",\"@id\":\"https:\\\/\\\/imaginox.com\\\/cs\\\/novinky\\\/jakym-smerem-pujde-design-v-komercnim-wellness-v-roce-2025\\\/#article\",\"isPartOf\":{\"@id\":\"https:\\\/\\\/imaginox.com\\\/cs\\\/novinky\\\/jakym-smerem-pujde-design-v-komercnim-wellness-v-roce-2025\\\/\"},\"author\":{\"name\":\"halikova\",\"@id\":\"https:\\\/\\\/imaginox.com\\\/cs\\\/#\\\/schema\\\/person\\\/0ad08910df074ce025396fddfe4d7c33\"},\"headline\":\"Jak\u00fdm sm\u011brem p\u016fjde design v komer\u010dn\u00edm wellness v roce 2025?\",\"datePublished\":\"2025-04-04T13:03:04+00:00\",\"dateModified\":\"2025-04-04T13:03:07+00:00\",\"mainEntityOfPage\":{\"@id\":\"https:\\\/\\\/imaginox.com\\\/cs\\\/novinky\\\/jakym-smerem-pujde-design-v-komercnim-wellness-v-roce-2025\\\/\"},\"wordCount\":735,\"publisher\":{\"@id\":\"https:\\\/\\\/imaginox.com\\\/cs\\\/#organization\"},\"image\":{\"@id\":\"https:\\\/\\\/imaginox.com\\\/cs\\\/novinky\\\/jakym-smerem-pujde-design-v-komercnim-wellness-v-roce-2025\\\/#primaryimage\"},\"thumbnailUrl\":\"https:\\\/\\\/imaginox.com\\\/wp-content\\\/uploads\\\/2025\\\/04\\\/tailor-made-whirlpool.jpg\",\"articleSection\":[\"Uncategorized @cs\"],\"inLanguage\":\"cs\"},{\"@type\":\"WebPage\",\"@id\":\"https:\\\/\\\/imaginox.com\\\/cs\\\/novinky\\\/jakym-smerem-pujde-design-v-komercnim-wellness-v-roce-2025\\\/\",\"url\":\"https:\\\/\\\/imaginox.com\\\/cs\\\/novinky\\\/jakym-smerem-pujde-design-v-komercnim-wellness-v-roce-2025\\\/\",\"name\":\"Jak\u00fdm sm\u011brem p\u016fjde design v komer\u010dn\u00edm wellness v roce 2025? \u2248 IMAGINOX\",\"isPartOf\":{\"@id\":\"https:\\\/\\\/imaginox.com\\\/cs\\\/#website\"},\"primaryImageOfPage\":{\"@id\":\"https:\\\/\\\/imaginox.com\\\/cs\\\/novinky\\\/jakym-smerem-pujde-design-v-komercnim-wellness-v-roce-2025\\\/#primaryimage\"},\"image\":{\"@id\":\"https:\\\/\\\/imaginox.com\\\/cs\\\/novinky\\\/jakym-smerem-pujde-design-v-komercnim-wellness-v-roce-2025\\\/#primaryimage\"},\"thumbnailUrl\":\"https:\\\/\\\/imaginox.com\\\/wp-content\\\/uploads\\\/2025\\\/04\\\/tailor-made-whirlpool.jpg\",\"datePublished\":\"2025-04-04T13:03:04+00:00\",\"dateModified\":\"2025-04-04T13:03:07+00:00\",\"breadcrumb\":{\"@id\":\"https:\\\/\\\/imaginox.com\\\/cs\\\/novinky\\\/jakym-smerem-pujde-design-v-komercnim-wellness-v-roce-2025\\\/#breadcrumb\"},\"inLanguage\":\"cs\",\"potentialAction\":[{\"@type\":\"ReadAction\",\"target\":[\"https:\\\/\\\/imaginox.com\\\/cs\\\/novinky\\\/jakym-smerem-pujde-design-v-komercnim-wellness-v-roce-2025\\\/\"]}]},{\"@type\":\"ImageObject\",\"inLanguage\":\"cs\",\"@id\":\"https:\\\/\\\/imaginox.com\\\/cs\\\/novinky\\\/jakym-smerem-pujde-design-v-komercnim-wellness-v-roce-2025\\\/#primaryimage\",\"url\":\"https:\\\/\\\/imaginox.com\\\/wp-content\\\/uploads\\\/2025\\\/04\\\/tailor-made-whirlpool.jpg\",\"contentUrl\":\"https:\\\/\\\/imaginox.com\\\/wp-content\\\/uploads\\\/2025\\\/04\\\/tailor-made-whirlpool.jpg\",\"width\":1440,\"height\":810,\"caption\":\"tailor made whirlpool\"},{\"@type\":\"BreadcrumbList\",\"@id\":\"https:\\\/\\\/imaginox.com\\\/cs\\\/novinky\\\/jakym-smerem-pujde-design-v-komercnim-wellness-v-roce-2025\\\/#breadcrumb\",\"itemListElement\":[{\"@type\":\"ListItem\",\"position\":1,\"name\":\"Home\",\"item\":\"https:\\\/\\\/imaginox.com\\\/cs\\\/\"},{\"@type\":\"ListItem\",\"position\":2,\"name\":\"Jak\u00fdm sm\u011brem p\u016fjde design v komer\u010dn\u00edm wellness v roce 2025?\"}]},{\"@type\":\"WebSite\",\"@id\":\"https:\\\/\\\/imaginox.com\\\/cs\\\/#website\",\"url\":\"https:\\\/\\\/imaginox.com\\\/cs\\\/\",\"name\":\"IMAGINOX\",\"description\":\"Nerezov\u00e9 baz\u00e9ny, v\u00ed\u0159ivky a dal\u0161\u00ed wellness produkty\",\"publisher\":{\"@id\":\"https:\\\/\\\/imaginox.com\\\/cs\\\/#organization\"},\"potentialAction\":[{\"@type\":\"SearchAction\",\"target\":{\"@type\":\"EntryPoint\",\"urlTemplate\":\"https:\\\/\\\/imaginox.com\\\/cs\\\/?s={search_term_string}\"},\"query-input\":{\"@type\":\"PropertyValueSpecification\",\"valueRequired\":true,\"valueName\":\"search_term_string\"}}],\"inLanguage\":\"cs\"},{\"@type\":\"Organization\",\"@id\":\"https:\\\/\\\/imaginox.com\\\/cs\\\/#organization\",\"name\":\"IMAGINOX s.r.o.\",\"url\":\"https:\\\/\\\/imaginox.com\\\/cs\\\/\",\"logo\":{\"@type\":\"ImageObject\",\"inLanguage\":\"cs\",\"@id\":\"https:\\\/\\\/imaginox.com\\\/cs\\\/#\\\/schema\\\/logo\\\/image\\\/\",\"url\":\"https:\\\/\\\/imaginox.com\\\/wp-content\\\/uploads\\\/2021\\\/04\\\/imaginox-header-logo.png\",\"contentUrl\":\"https:\\\/\\\/imaginox.com\\\/wp-content\\\/uploads\\\/2021\\\/04\\\/imaginox-header-logo.png\",\"width\":622,\"height\":88,\"caption\":\"IMAGINOX s.r.o.\"},\"image\":{\"@id\":\"https:\\\/\\\/imaginox.com\\\/cs\\\/#\\\/schema\\\/logo\\\/image\\\/\"}},{\"@type\":\"Person\",\"@id\":\"https:\\\/\\\/imaginox.com\\\/cs\\\/#\\\/schema\\\/person\\\/0ad08910df074ce025396fddfe4d7c33\",\"name\":\"halikova\",\"image\":{\"@type\":\"ImageObject\",\"inLanguage\":\"cs\",\"@id\":\"https:\\\/\\\/secure.gravatar.com\\\/avatar\\\/7284c48156cf1ed3e7fa8ba493d32cc62b7992bb6a7094701f72109f0ff5c46f?s=96&d=mm&r=g\",\"url\":\"https:\\\/\\\/secure.gravatar.com\\\/avatar\\\/7284c48156cf1ed3e7fa8ba493d32cc62b7992bb6a7094701f72109f0ff5c46f?s=96&d=mm&r=g\",\"contentUrl\":\"https:\\\/\\\/secure.gravatar.com\\\/avatar\\\/7284c48156cf1ed3e7fa8ba493d32cc62b7992bb6a7094701f72109f0ff5c46f?s=96&d=mm&r=g\",\"caption\":\"halikova\"}}]}<\/script>\n<!-- \/ Yoast SEO plugin. -->","yoast_head_json":{"title":"Jak\u00fdm sm\u011brem p\u016fjde design v komer\u010dn\u00edm wellness v roce 2025? \u2248 IMAGINOX","robots":{"index":"index","follow":"follow","max-snippet":"max-snippet:-1","max-image-preview":"max-image-preview:large","max-video-preview":"max-video-preview:-1"},"canonical":"https:\/\/imaginox.com\/cs\/novinky\/jakym-smerem-pujde-design-v-komercnim-wellness-v-roce-2025\/","og_locale":"cs_CZ","og_type":"article","og_title":"Jak\u00fdm sm\u011brem p\u016fjde design v komer\u010dn\u00edm wellness v roce 2025? \u2248 IMAGINOX","og_description":"Hoteli\u00e9\u0159i, develope\u0159i, architekti a \u0161irok\u00e1 ve\u0159ejnost projevuj\u00ed st\u00e1le v\u011bt\u0161\u00ed z\u00e1jem o wellness a cht\u011bj\u00ed si chv\u00edle str\u00e1ven\u00e9 v tomto prost\u0159ed\u00ed u\u017e\u00edt naplno. Pr\u00e1v\u011b tato my\u0161lenka ovliv\u0148uje sou\u010dasn\u00e9 trendy. Udr\u017eiteln\u00e9 materi\u00e1ly v praxi Udr\u017eitelnost je t\u00e9ma, kter\u00e9 je u\u017e n\u011bkolik let v centru pozornosti. A\u017e nyn\u00ed v\u0161ak firmy za\u010d\u00ednaj\u00ed systematicky zav\u00e1d\u011bt inovace p\u0159\u00edmo do sv\u00fdch provoz\u016f. [&hellip;]","og_url":"https:\/\/imaginox.com\/cs\/novinky\/jakym-smerem-pujde-design-v-komercnim-wellness-v-roce-2025\/","og_site_name":"IMAGINOX","article_published_time":"2025-04-04T13:03:04+00:00","article_modified_time":"2025-04-04T13:03:07+00:00","og_image":[{"width":1440,"height":810,"url":"https:\/\/imaginox.com\/wp-content\/uploads\/2025\/04\/tailor-made-whirlpool.jpg","type":"image\/jpeg"}],"author":"halikova","twitter_card":"summary_large_image","twitter_misc":{"Napsal(a)":"halikova","Odhadovan\u00e1 doba \u010dten\u00ed":"4 minuty"},"schema":{"@context":"https:\/\/schema.org","@graph":[{"@type":"Article","@id":"https:\/\/imaginox.com\/cs\/novinky\/jakym-smerem-pujde-design-v-komercnim-wellness-v-roce-2025\/#article","isPartOf":{"@id":"https:\/\/imaginox.com\/cs\/novinky\/jakym-smerem-pujde-design-v-komercnim-wellness-v-roce-2025\/"},"author":{"name":"halikova","@id":"https:\/\/imaginox.com\/cs\/#\/schema\/person\/0ad08910df074ce025396fddfe4d7c33"},"headline":"Jak\u00fdm sm\u011brem p\u016fjde design v komer\u010dn\u00edm wellness v roce 2025?","datePublished":"2025-04-04T13:03:04+00:00","dateModified":"2025-04-04T13:03:07+00:00","mainEntityOfPage":{"@id":"https:\/\/imaginox.com\/cs\/novinky\/jakym-smerem-pujde-design-v-komercnim-wellness-v-roce-2025\/"},"wordCount":735,"publisher":{"@id":"https:\/\/imaginox.com\/cs\/#organization"},"image":{"@id":"https:\/\/imaginox.com\/cs\/novinky\/jakym-smerem-pujde-design-v-komercnim-wellness-v-roce-2025\/#primaryimage"},"thumbnailUrl":"https:\/\/imaginox.com\/wp-content\/uploads\/2025\/04\/tailor-made-whirlpool.jpg","articleSection":["Uncategorized @cs"],"inLanguage":"cs"},{"@type":"WebPage","@id":"https:\/\/imaginox.com\/cs\/novinky\/jakym-smerem-pujde-design-v-komercnim-wellness-v-roce-2025\/","url":"https:\/\/imaginox.com\/cs\/novinky\/jakym-smerem-pujde-design-v-komercnim-wellness-v-roce-2025\/","name":"Jak\u00fdm sm\u011brem p\u016fjde design v komer\u010dn\u00edm wellness v roce 2025? \u2248 IMAGINOX","isPartOf":{"@id":"https:\/\/imaginox.com\/cs\/#website"},"primaryImageOfPage":{"@id":"https:\/\/imaginox.com\/cs\/novinky\/jakym-smerem-pujde-design-v-komercnim-wellness-v-roce-2025\/#primaryimage"},"image":{"@id":"https:\/\/imaginox.com\/cs\/novinky\/jakym-smerem-pujde-design-v-komercnim-wellness-v-roce-2025\/#primaryimage"},"thumbnailUrl":"https:\/\/imaginox.com\/wp-content\/uploads\/2025\/04\/tailor-made-whirlpool.jpg","datePublished":"2025-04-04T13:03:04+00:00","dateModified":"2025-04-04T13:03:07+00:00","breadcrumb":{"@id":"https:\/\/imaginox.com\/cs\/novinky\/jakym-smerem-pujde-design-v-komercnim-wellness-v-roce-2025\/#breadcrumb"},"inLanguage":"cs","potentialAction":[{"@type":"ReadAction","target":["https:\/\/imaginox.com\/cs\/novinky\/jakym-smerem-pujde-design-v-komercnim-wellness-v-roce-2025\/"]}]},{"@type":"ImageObject","inLanguage":"cs","@id":"https:\/\/imaginox.com\/cs\/novinky\/jakym-smerem-pujde-design-v-komercnim-wellness-v-roce-2025\/#primaryimage","url":"https:\/\/imaginox.com\/wp-content\/uploads\/2025\/04\/tailor-made-whirlpool.jpg","contentUrl":"https:\/\/imaginox.com\/wp-content\/uploads\/2025\/04\/tailor-made-whirlpool.jpg","width":1440,"height":810,"caption":"tailor made whirlpool"},{"@type":"BreadcrumbList","@id":"https:\/\/imaginox.com\/cs\/novinky\/jakym-smerem-pujde-design-v-komercnim-wellness-v-roce-2025\/#breadcrumb","itemListElement":[{"@type":"ListItem","position":1,"name":"Home","item":"https:\/\/imaginox.com\/cs\/"},{"@type":"ListItem","position":2,"name":"Jak\u00fdm sm\u011brem p\u016fjde design v komer\u010dn\u00edm wellness v roce 2025?"}]},{"@type":"WebSite","@id":"https:\/\/imaginox.com\/cs\/#website","url":"https:\/\/imaginox.com\/cs\/","name":"IMAGINOX","description":"Nerezov\u00e9 baz\u00e9ny, v\u00ed\u0159ivky a dal\u0161\u00ed wellness produkty","publisher":{"@id":"https:\/\/imaginox.com\/cs\/#organization"},"potentialAction":[{"@type":"SearchAction","target":{"@type":"EntryPoint","urlTemplate":"https:\/\/imaginox.com\/cs\/?s={search_term_string}"},"query-input":{"@type":"PropertyValueSpecification","valueRequired":true,"valueName":"search_term_string"}}],"inLanguage":"cs"},{"@type":"Organization","@id":"https:\/\/imaginox.com\/cs\/#organization","name":"IMAGINOX s.r.o.","url":"https:\/\/imaginox.com\/cs\/","logo":{"@type":"ImageObject","inLanguage":"cs","@id":"https:\/\/imaginox.com\/cs\/#\/schema\/logo\/image\/","url":"https:\/\/imaginox.com\/wp-content\/uploads\/2021\/04\/imaginox-header-logo.png","contentUrl":"https:\/\/imaginox.com\/wp-content\/uploads\/2021\/04\/imaginox-header-logo.png","width":622,"height":88,"caption":"IMAGINOX s.r.o."},"image":{"@id":"https:\/\/imaginox.com\/cs\/#\/schema\/logo\/image\/"}},{"@type":"Person","@id":"https:\/\/imaginox.com\/cs\/#\/schema\/person\/0ad08910df074ce025396fddfe4d7c33","name":"halikova","image":{"@type":"ImageObject","inLanguage":"cs","@id":"https:\/\/secure.gravatar.com\/avatar\/7284c48156cf1ed3e7fa8ba493d32cc62b7992bb6a7094701f72109f0ff5c46f?s=96&d=mm&r=g","url":"https:\/\/secure.gravatar.com\/avatar\/7284c48156cf1ed3e7fa8ba493d32cc62b7992bb6a7094701f72109f0ff5c46f?s=96&d=mm&r=g","contentUrl":"https:\/\/secure.gravatar.com\/avatar\/7284c48156cf1ed3e7fa8ba493d32cc62b7992bb6a7094701f72109f0ff5c46f?s=96&d=mm&r=g","caption":"halikova"}}]}},"_links":{"self":[{"href":"https:\/\/imaginox.com\/cs\/wp-json\/wp\/v2\/posts\/13762","targetHints":{"allow":["GET"]}}],"collection":[{"href":"https:\/\/imaginox.com\/cs\/wp-json\/wp\/v2\/posts"}],"about":[{"href":"https:\/\/imaginox.com\/cs\/wp-json\/wp\/v2\/types\/post"}],"author":[{"embeddable":true,"href":"https:\/\/imaginox.com\/cs\/wp-json\/wp\/v2\/users\/15"}],"replies":[{"embeddable":true,"href":"https:\/\/imaginox.com\/cs\/wp-json\/wp\/v2\/comments?post=13762"}],"version-history":[{"count":2,"href":"https:\/\/imaginox.com\/cs\/wp-json\/wp\/v2\/posts\/13762\/revisions"}],"predecessor-version":[{"id":17601,"href":"https:\/\/imaginox.com\/cs\/wp-json\/wp\/v2\/posts\/13762\/revisions\/17601"}],"wp:featuredmedia":[{"embeddable":true,"href":"https:\/\/imaginox.com\/cs\/wp-json\/wp\/v2\/media\/13756"}],"wp:attachment":[{"href":"https:\/\/imaginox.com\/cs\/wp-json\/wp\/v2\/media?parent=13762"}],"wp:term":[{"taxonomy":"category","embeddable":true,"href":"https:\/\/imaginox.com\/cs\/wp-json\/wp\/v2\/categories?post=13762"},{"taxonomy":"post_tag","embeddable":true,"href":"https:\/\/imaginox.com\/cs\/wp-json\/wp\/v2\/tags?post=13762"}],"curies":[{"name":"wp","href":"https:\/\/api.w.org\/{rel}","templated":true}]}}